{"id":1954,"date":"2022-01-31T18:50:37","date_gmt":"2022-01-31T18:50:37","guid":{"rendered":"https:\/\/www.campinglabedure.com\/nl\/?p=1954"},"modified":"2022-02-01T07:54:36","modified_gmt":"2022-02-01T07:54:36","slug":"nederlands-nieuwe-campingeigenaren-in-2022","status":"publish","type":"post","link":"https:\/\/www.campinglabedure.com\/de\/2022\/01\/neue-campingbesitzer-im-2022\/","title":{"rendered":"Neue Campingbesitzer im 2022"},"content":{"rendered":"<p><img loading=\"lazy\" decoding=\"async\" class=\"alignright wp-image-1965\" src=\"https:\/\/www.campinglabedure.com\/wp-content\/uploads\/2022\/01\/Wim-en-Paula2-300x300.jpg\" alt=\"\" width=\"250\" height=\"250\" srcset=\"https:\/\/www.campinglabedure.com\/wp-content\/uploads\/2022\/01\/Wim-en-Paula2-300x300.jpg 300w, https:\/\/www.campinglabedure.com\/wp-content\/uploads\/2022\/01\/Wim-en-Paula2-150x150.jpg 150w, https:\/\/www.campinglabedure.com\/wp-content\/uploads\/2022\/01\/Wim-en-Paula2.jpg 354w\" sizes=\"auto, (max-width: 250px) 100vw, 250px\" \/>F\u00fcr uns, Wim und Paula, geht eine sch\u00f6ne Zeit zu Ende, in der wir als Besitzer des Camping La Bedure 12 Jahre lang unsere G\u00e4ste begr\u00fc\u00dfen durften. In Anbetracht unseres Alters haben wir beschlossen, den Campingplatz zu verkaufen. Gl\u00fccklicherweise f\u00fchlen wir uns sehr fit und gesund. Von nun an werden wir unsere Kinder und Enkelkinder mehr genie\u00dfen, wof\u00fcr wir in den letzten Jahren im Sommer kaum Zeit hatten. Wir haben auf dem Campingplatz viele Menschen kennengelernt, an die wir uns gerne erinnern. Wir bedanken alle La Bedure G\u00e4sten f\u00fcr die sch\u00f6ne und wertvolle Zeit.<\/p>\n<p>Die neuen Besitzer, Lorianne und Corado, sind junge, enthusiastische und freundliche Niederl\u00e4nder, sind sehr gastfreundlich. Bei ihnen ist der Camping in guten H\u00e4nden. Wir w\u00fcnschen Lorianne und Corado viel Erfolg und Spa\u00df!<\/p>\n<p>Als Campinggast wird es Ihnen an nichts fehlen, deshalb w\u00fcnschen wir Ihnen noch viele sch\u00f6ne Jahre auf dem Camping La Bedure.<\/p>\n<p>Herzliche Gr\u00fc\u00dfe, Paula und Wim<\/p>","protected":false},"excerpt":{"rendered":"<p>F\u00fcr uns, Wim und Paula, geht eine sch\u00f6ne Zeit zu Ende, in der wir als Besitzer des Camping La Bedure 12 Jahre lang unsere G\u00e4ste begr\u00fc\u00dfen durften. In Anbetracht unseres Alters haben wir beschlossen, den Campingplatz zu verkaufen. Gl\u00fccklicherweise f\u00fchlen wir uns sehr fit und gesund. Von nun an werden wir unsere Kinder und Enkelkinder [&hellip;]<\/p>\n","protected":false},"author":85,"featured_media":1955,"comment_status":"closed","ping_status":"closed","sticky":false,"template":"","format":"standard","meta":{"_exactmetrics_skip_tracking":false,"_exactmetrics_sitenote_active":false,"_exactmetrics_sitenote_note":"","_exactmetrics_sitenote_category":0,"footnotes":""},"categories":[9],"tags":[],"class_list":["post-1954","post","type-post","status-publish","format-standard","has-post-thumbnail","hentry","category-nieuws"],"_links":{"self":[{"href":"https:\/\/www.campinglabedure.com\/de\/wp-json\/wp\/v2\/posts\/1954","targetHints":{"allow":["GET"]}}],"collection":[{"href":"https:\/\/www.campinglabedure.com\/de\/wp-json\/wp\/v2\/posts"}],"about":[{"href":"https:\/\/www.campinglabedure.com\/de\/wp-json\/wp\/v2\/types\/post"}],"author":[{"embeddable":true,"href":"https:\/\/www.campinglabedure.com\/de\/wp-json\/wp\/v2\/users\/85"}],"replies":[{"embeddable":true,"href":"https:\/\/www.campinglabedure.com\/de\/wp-json\/wp\/v2\/comments?post=1954"}],"version-history":[{"count":9,"href":"https:\/\/www.campinglabedure.com\/de\/wp-json\/wp\/v2\/posts\/1954\/revisions"}],"predecessor-version":[{"id":1967,"href":"https:\/\/www.campinglabedure.com\/de\/wp-json\/wp\/v2\/posts\/1954\/revisions\/1967"}],"wp:featuredmedia":[{"embeddable":true,"href":"https:\/\/www.campinglabedure.com\/de\/wp-json\/wp\/v2\/media\/1955"}],"wp:attachment":[{"href":"https:\/\/www.campinglabedure.com\/de\/wp-json\/wp\/v2\/media?parent=1954"}],"wp:term":[{"taxonomy":"category","embeddable":true,"href":"https:\/\/www.campinglabedure.com\/de\/wp-json\/wp\/v2\/categories?post=1954"},{"taxonomy":"post_tag","embeddable":true,"href":"https:\/\/www.campinglabedure.com\/de\/wp-json\/wp\/v2\/tags?post=1954"}],"curies":[{"name":"wp","href":"https:\/\/api.w.org\/{rel}","templated":true}]}}